{"id":2814,"date":"2023-09-29T10:49:09","date_gmt":"2023-09-29T10:49:09","guid":{"rendered":"https:\/\/hispanoamericalapelicula.org\/?p=2814"},"modified":"2023-09-29T10:51:57","modified_gmt":"2023-09-29T10:51:57","slug":"rodaje-en-bolivia-y-peru","status":"publish","type":"post","link":"https:\/\/hispanoamericalapelicula.org\/en\/rodaje-en-bolivia-y-peru\/","title":{"rendered":"Rodaje en Bolivia y Per\u00fa."},"content":{"rendered":"<p><strong>21 de Junio de 2023 \/\/<\/strong><\/p>\n\n\n\n<p><strong>Querido Mecenas:<\/strong><\/p>\n\n\n\n<p>Hemos vuelto de nuestro rodaje por Bolivia y Per\u00fa.<\/p>\n\n\n\n<figure class=\"wp-block-image size-large\"><img fetchpriority=\"high\" decoding=\"async\" width=\"1024\" height=\"576\" src=\"https:\/\/hispanoamericalapelicula.org\/wp-content\/uploads\/2023\/06\/San-Ignacio-de-Moxos_1.10.1-1024x576.jpg\" alt=\"\" class=\"wp-image-2126\" srcset=\"https:\/\/hispanoamericalapelicula.org\/wp-content\/uploads\/2023\/06\/San-Ignacio-de-Moxos_1.10.1-1024x576.jpg 1024w, https:\/\/hispanoamericalapelicula.org\/wp-content\/uploads\/2023\/06\/San-Ignacio-de-Moxos_1.10.1-600x338.jpg 600w, https:\/\/hispanoamericalapelicula.org\/wp-content\/uploads\/2023\/06\/San-Ignacio-de-Moxos_1.10.1-300x169.jpg 300w, https:\/\/hispanoamericalapelicula.org\/wp-content\/uploads\/2023\/06\/San-Ignacio-de-Moxos_1.10.1-768x432.jpg 768w, https:\/\/hispanoamericalapelicula.org\/wp-content\/uploads\/2023\/06\/San-Ignacio-de-Moxos_1.10.1-1536x864.jpg 1536w, https:\/\/hispanoamericalapelicula.org\/wp-content\/uploads\/2023\/06\/San-Ignacio-de-Moxos_1.10.1.jpg 1920w\" sizes=\"(max-width: 1024px) 100vw, 1024px\" \/><\/figure>\n\n\n\n<p class=\"has-text-align-center\"><em>Alumnos de la Escuela de M\u00fasica de San Ignacio de Moxos<\/em><\/p>\n\n\n\n<p>Volamos a San Ignacio de Moxos, Bolivia, para contar la historia del barroco misional, la m\u00fasica que naci\u00f3 en las misiones jesuitas y que hoy gracias al Ensamble Moxos y su directora Raquel Maldonado encuentra nueva vida. Recuperando primero las partituras que celosamente guardaban los \u00abantiguos\u00bb de las comunidades ind\u00edgenas (protegi\u00e9ndolas del calor y la humedad, transcribi\u00e9ndolas incluso cuando el solfeo se hab\u00eda olvidado y copiaban puntos y rayas) y grabando discos con esas partituras despu\u00e9s, su labor ha culminado en la creaci\u00f3n de una escuela de m\u00fasica que ense\u00f1a a los m\u00e1s j\u00f3venes de San Ignacio y les prepara para una carrera musical.<\/p>\n\n\n\n<figure class=\"wp-block-image size-large\"><img decoding=\"async\" width=\"1024\" height=\"768\" src=\"https:\/\/hispanoamericalapelicula.org\/wp-content\/uploads\/2023\/09\/SELVA-BOLIVIA-copia-1024x768.jpeg\" alt=\"\" class=\"wp-image-2815\" srcset=\"https:\/\/hispanoamericalapelicula.org\/wp-content\/uploads\/2023\/09\/SELVA-BOLIVIA-copia-1024x768.jpeg 1024w, https:\/\/hispanoamericalapelicula.org\/wp-content\/uploads\/2023\/09\/SELVA-BOLIVIA-copia-600x450.jpeg 600w, https:\/\/hispanoamericalapelicula.org\/wp-content\/uploads\/2023\/09\/SELVA-BOLIVIA-copia-300x225.jpeg 300w, https:\/\/hispanoamericalapelicula.org\/wp-content\/uploads\/2023\/09\/SELVA-BOLIVIA-copia-768x576.jpeg 768w, https:\/\/hispanoamericalapelicula.org\/wp-content\/uploads\/2023\/09\/SELVA-BOLIVIA-copia-1536x1152.jpeg 1536w, https:\/\/hispanoamericalapelicula.org\/wp-content\/uploads\/2023\/09\/SELVA-BOLIVIA-copia.jpeg 1920w\" sizes=\"(max-width: 1024px) 100vw, 1024px\" \/><\/figure>\n\n\n\n<p class=\"has-text-align-center\"><em>Vista de la selva boliviana en los alrededores de Trinidad<\/em><\/p>\n\n\n\n<p>En Per\u00fa hemos conocido la historia de los Incas hispanos, los descendientes de la nobleza inca que conservaron sus costumbres, formas de gobierno y privilegios bajo la Corona espa\u00f1ola, que se convirtieron al catolicismo y fueron caballeros de Santiago, y que vieron en los reyes de la Monarqu\u00eda Hisp\u00e1nica la continuidad de su propia realeza.<\/p>\n\n\n\n<figure class=\"wp-block-image size-large\"><img decoding=\"async\" width=\"722\" height=\"1024\" src=\"https:\/\/hispanoamericalapelicula.org\/wp-content\/uploads\/2023\/09\/LARCO-CUADRO-copia-722x1024.jpeg\" alt=\"\" class=\"wp-image-2816\" srcset=\"https:\/\/hispanoamericalapelicula.org\/wp-content\/uploads\/2023\/09\/LARCO-CUADRO-copia-722x1024.jpeg 722w, https:\/\/hispanoamericalapelicula.org\/wp-content\/uploads\/2023\/09\/LARCO-CUADRO-copia-scaled-600x851.jpeg 600w, https:\/\/hispanoamericalapelicula.org\/wp-content\/uploads\/2023\/09\/LARCO-CUADRO-copia-212x300.jpeg 212w, https:\/\/hispanoamericalapelicula.org\/wp-content\/uploads\/2023\/09\/LARCO-CUADRO-copia-768x1089.jpeg 768w, https:\/\/hispanoamericalapelicula.org\/wp-content\/uploads\/2023\/09\/LARCO-CUADRO-copia-1083x1536.jpeg 1083w, https:\/\/hispanoamericalapelicula.org\/wp-content\/uploads\/2023\/09\/LARCO-CUADRO-copia-1444x2048.jpeg 1444w, https:\/\/hispanoamericalapelicula.org\/wp-content\/uploads\/2023\/09\/LARCO-CUADRO-copia-scaled.jpeg 1805w\" sizes=\"(max-width: 722px) 100vw, 722px\" \/><\/figure>\n\n\n\n<p><em>\u00abCapac Cuna Inca\u00bb o \u00abGenealog\u00eda de los Incas\u00bb, escuela cusque\u00f1a, siglo XVIII. (Museo Larco)<\/em><\/p>\n\n\n\n<p>Cusco, esa ciudad a 3400 metros de altura y al otro lado de mundo que un viajero despistado podr\u00eda confundir con Segovia o Burgos, nos sorprendi\u00f3 con su Corpus Christi, en el que adem\u00e1s de la Custodia pasean a 14 im\u00e1genes santos y v\u00edrgenes entre muchedumbres tan devotas como las de la Semana Santa peninsular. Entre esas im\u00e1genes se encuentra la de Santiago Ap\u00f3stol, en la imagen bajo la iglesia que la Compa\u00f1\u00eda de Jes\u00fas tiene en la ciudad.<\/p>\n\n\n\n<figure class=\"wp-block-image size-large\"><img loading=\"lazy\" decoding=\"async\" width=\"768\" height=\"1024\" src=\"https:\/\/hispanoamericalapelicula.org\/wp-content\/uploads\/2023\/09\/SANTIAGO-Y-COMPANIA-copia-768x1024.jpeg\" alt=\"\" class=\"wp-image-2817\" srcset=\"https:\/\/hispanoamericalapelicula.org\/wp-content\/uploads\/2023\/09\/SANTIAGO-Y-COMPANIA-copia-768x1024.jpeg 768w, https:\/\/hispanoamericalapelicula.org\/wp-content\/uploads\/2023\/09\/SANTIAGO-Y-COMPANIA-copia-600x800.jpeg 600w, https:\/\/hispanoamericalapelicula.org\/wp-content\/uploads\/2023\/09\/SANTIAGO-Y-COMPANIA-copia-225x300.jpeg 225w, https:\/\/hispanoamericalapelicula.org\/wp-content\/uploads\/2023\/09\/SANTIAGO-Y-COMPANIA-copia-1152x1536.jpeg 1152w, https:\/\/hispanoamericalapelicula.org\/wp-content\/uploads\/2023\/09\/SANTIAGO-Y-COMPANIA-copia-1536x2048.jpeg 1536w, https:\/\/hispanoamericalapelicula.org\/wp-content\/uploads\/2023\/09\/SANTIAGO-Y-COMPANIA-copia.jpeg 1920w\" sizes=\"(max-width: 768px) 100vw, 768px\" \/><\/figure>\n\n\n\n<p><em>Celebraci\u00f3n del Corpus Christi en la Plaza de Armas del Cuzco<\/em><\/p>\n\n\n\n<p>Finalmente, el nuevo tr\u00e1iler de la pel\u00edcula, centrado en M\u00e9xico, y un anuncio:&nbsp;<strong><em>Hispanoam\u00e9rica<\/em><\/strong>&nbsp;tendr\u00e1 su estreno en cines en&nbsp;<strong>abril de 2024<\/strong>.<\/p>\n\n\n\n<figure class=\"wp-block-embed is-type-video is-provider-youtube wp-block-embed-youtube wp-embed-aspect-16-9 wp-has-aspect-ratio\"><div class=\"wp-block-embed__wrapper\">\n<iframe title=\"HISPANOAME\u0301RICA la pel\u00edcula, tr\u00e1iler 2 - ESTRENO ABRIL 2024\" width=\"500\" height=\"281\" src=\"https:\/\/www.youtube.com\/embed\/sL1VzkC2hmE?feature=oembed\" frameborder=\"0\" allow=\"accelerometer; autoplay; clipboard-write; encrypted-media; gyroscope; picture-in-picture; web-share\" referrerpolicy=\"strict-origin-when-cross-origin\" allowfullscreen><\/iframe>\n<\/div><\/figure>\n\n\n\n<p>No dudes en compartirlo con tu entorno para que sigamos ampliando la comunidad.<\/p>\n\n\n\n<p>Gracias una vez m\u00e1s por tu apoyo.<\/p>\n\n\n\n<figure class=\"wp-block-image size-large\"><img loading=\"lazy\" decoding=\"async\" width=\"1024\" height=\"710\" src=\"https:\/\/hispanoamericalapelicula.org\/wp-content\/uploads\/2023\/09\/ESCUELA-SI-copia-1024x710.jpeg\" alt=\"\" class=\"wp-image-2818\" srcset=\"https:\/\/hispanoamericalapelicula.org\/wp-content\/uploads\/2023\/09\/ESCUELA-SI-copia-1024x710.jpeg 1024w, https:\/\/hispanoamericalapelicula.org\/wp-content\/uploads\/2023\/09\/ESCUELA-SI-copia-600x416.jpeg 600w, https:\/\/hispanoamericalapelicula.org\/wp-content\/uploads\/2023\/09\/ESCUELA-SI-copia-300x208.jpeg 300w, https:\/\/hispanoamericalapelicula.org\/wp-content\/uploads\/2023\/09\/ESCUELA-SI-copia-768x532.jpeg 768w, https:\/\/hispanoamericalapelicula.org\/wp-content\/uploads\/2023\/09\/ESCUELA-SI-copia-1536x1065.jpeg 1536w, https:\/\/hispanoamericalapelicula.org\/wp-content\/uploads\/2023\/09\/ESCUELA-SI-copia.jpeg 1920w\" sizes=\"(max-width: 1024px) 100vw, 1024px\" \/><\/figure>\n\n\n\n<p><strong>El Equipo de L\u00f3pez-Li Films.<\/strong><\/p>","protected":false},"excerpt":{"rendered":"<p>21 de Junio de 2023 \/\/ Querido Mecenas: Hemos vuelto de nuestro rodaje por Bolivia y Per\u00fa. Alumnos de la Escuela de M\u00fasica de San Ignacio de Moxos Volamos a San Ignacio de Moxos, Bolivia, para contar la historia del barroco misional, la m\u00fasica que naci\u00f3 en las misiones jesuitas y que hoy gracias al [&hellip;]<\/p>","protected":false},"author":1,"featured_media":2126,"comment_status":"open","ping_status":"open","sticky":false,"template":"","format":"standard","meta":{"give_campaign_id":0,"site-sidebar-layout":"default","site-content-layout":"","ast-site-content-layout":"default","site-content-style":"default","site-sidebar-style":"default","ast-global-header-display":"","ast-banner-title-visibility":"","ast-main-header-display":"","ast-hfb-above-header-display":"","ast-hfb-below-header-display":"","ast-hfb-mobile-header-display":"","site-post-title":"","ast-breadcrumbs-content":"","ast-featured-img":"","footer-sml-layout":"","ast-disable-related-posts":"","theme-transparent-header-meta":"","adv-header-id-meta":"","stick-header-meta":"","header-above-stick-meta":"","header-main-stick-meta":"","header-below-stick-meta":"","astra-migrate-meta-layouts":"set","ast-page-background-enabled":"default","ast-page-background-meta":{"desktop":{"background-color":"","background-image":"","background-repeat":"repeat","background-position":"center center","background-size":"auto","background-attachment":"scroll","background-type":"","background-media":"","overlay-type":"","overlay-color":"","overlay-opacity":"","overlay-gradient":""},"tablet":{"background-color":"","background-image":"","background-repeat":"repeat","background-position":"center center","background-size":"auto","background-attachment":"scroll","background-type":"","background-media":"","overlay-type":"","overlay-color":"","overlay-opacity":"","overlay-gradient":""},"mobile":{"background-color":"","background-image":"","background-repeat":"repeat","background-position":"center center","background-size":"auto","background-attachment":"scroll","background-type":"","background-media":"","overlay-type":"","overlay-color":"","overlay-opacity":"","overlay-gradient":""}},"ast-content-background-meta":{"desktop":{"background-color":"var(--ast-global-color-5)","background-image":"","background-repeat":"repeat","background-position":"center center","background-size":"auto","background-attachment":"scroll","background-type":"","background-media":"","overlay-type":"","overlay-color":"","overlay-opacity":"","overlay-gradient":""},"tablet":{"background-color":"var(--ast-global-color-5)","background-image":"","background-repeat":"repeat","background-position":"center center","background-size":"auto","background-attachment":"scroll","background-type":"","background-media":"","overlay-type":"","overlay-color":"","overlay-opacity":"","overlay-gradient":""},"mobile":{"background-color":"var(--ast-global-color-5)","background-image":"","background-repeat":"repeat","background-position":"center center","background-size":"auto","background-attachment":"scroll","background-type":"","background-media":"","overlay-type":"","overlay-color":"","overlay-opacity":"","overlay-gradient":""}},"footnotes":""},"categories":[1],"tags":[],"class_list":["post-2814","post","type-post","status-publish","format-standard","has-post-thumbnail","hentry","category-uncategorized"],"_links":{"self":[{"href":"https:\/\/hispanoamericalapelicula.org\/en\/wp-json\/wp\/v2\/posts\/2814","targetHints":{"allow":["GET"]}}],"collection":[{"href":"https:\/\/hispanoamericalapelicula.org\/en\/wp-json\/wp\/v2\/posts"}],"about":[{"href":"https:\/\/hispanoamericalapelicula.org\/en\/wp-json\/wp\/v2\/types\/post"}],"author":[{"embeddable":true,"href":"https:\/\/hispanoamericalapelicula.org\/en\/wp-json\/wp\/v2\/users\/1"}],"replies":[{"embeddable":true,"href":"https:\/\/hispanoamericalapelicula.org\/en\/wp-json\/wp\/v2\/comments?post=2814"}],"version-history":[{"count":2,"href":"https:\/\/hispanoamericalapelicula.org\/en\/wp-json\/wp\/v2\/posts\/2814\/revisions"}],"predecessor-version":[{"id":2823,"href":"https:\/\/hispanoamericalapelicula.org\/en\/wp-json\/wp\/v2\/posts\/2814\/revisions\/2823"}],"wp:featuredmedia":[{"embeddable":true,"href":"https:\/\/hispanoamericalapelicula.org\/en\/wp-json\/wp\/v2\/media\/2126"}],"wp:attachment":[{"href":"https:\/\/hispanoamericalapelicula.org\/en\/wp-json\/wp\/v2\/media?parent=2814"}],"wp:term":[{"taxonomy":"category","embeddable":true,"href":"https:\/\/hispanoamericalapelicula.org\/en\/wp-json\/wp\/v2\/categories?post=2814"},{"taxonomy":"post_tag","embeddable":true,"href":"https:\/\/hispanoamericalapelicula.org\/en\/wp-json\/wp\/v2\/tags?post=2814"}],"curies":[{"name":"wp","href":"https:\/\/api.w.org\/{rel}","templated":true}]}}